{"id":540,"date":"2026-04-27T15:41:23","date_gmt":"2026-04-27T20:41:23","guid":{"rendered":"https:\/\/noticias.granservicios.com\/index.php\/2026\/04\/27\/acoset-puso-sobre-la-mesa-los-retos-que-definiran-el-futuro-de-las-empresas-y-el-empleo-formal-en-colombia\/"},"modified":"2026-04-27T15:41:23","modified_gmt":"2026-04-27T20:41:23","slug":"acoset-puso-sobre-la-mesa-los-retos-que-definiran-el-futuro-de-las-empresas-y-el-empleo-formal-en-colombia","status":"publish","type":"post","link":"https:\/\/noticias.granservicios.com\/index.php\/2026\/04\/27\/acoset-puso-sobre-la-mesa-los-retos-que-definiran-el-futuro-de-las-empresas-y-el-empleo-formal-en-colombia\/","title":{"rendered":"ACOSET PUSO SOBRE LA MESA LOS RETOS QUE DEFINIR\u00c1N EL FUTURO DE LAS EMPRESAS Y EL EMPLEO FORMAL EN COLOMBIA"},"content":{"rendered":"<p><em><u>En el marco del Foro se anunci\u00f3 la tercera Empleat\u00f3n que realizar\u00e1 el gremio, en la que conectar\u00e1n colombianos desempleados con m\u00e1s de 15 mil plazas de empleo formal<\/u><\/em>.<\/p>\n<p>En un momento decisivo para el pa\u00eds, marcado por cambios regulatorios, incertidumbre econ\u00f3mica y la irrupci\u00f3n de nuevas tecnolog\u00edas, l\u00edderes empresariales, expertos y tomadores de decisi\u00f3n se dieron cita en Bogot\u00e1 para abordar una pregunta clave: \u00bfhacia d\u00f3nde va el futuro del empleo en Colombia.<\/p>\n<p>Se llev\u00f3 a cabo el Foro Nacional de Acoset, realizado el pasado 23 de abril en el Hotel Hilton Garden de Bogot\u00e1, un escenario que se consolid\u00f3 como uno de los espacios m\u00e1s influyentes del sector empresarial bajo el tema \u201cDecisiones que transforman el futuro empresarial\u201d, dando respuesta a las incertidumbres que actualmente presenta el mercado laboral.<\/p>\n<figure class=\"wp-block-gallery has-nested-images columns-default is-cropped wp-block-gallery-1 is-layout-flex wp-block-gallery-is-layout-flex\">\n<figure class=\"wp-block-image size-large\"><img fetchpriority=\"high\" decoding=\"async\" width=\"1024\" height=\"680\" data-id=\"14971\" src=\"https:\/\/www.acoset.org\/wp-content\/uploads\/2026\/04\/WhatsApp-Image-2026-04-27-at-2.26.04-PM-1-1024x680.jpeg\" alt=\"\" class=\"wp-image-14971\" srcset=\"https:\/\/www.acoset.org\/wp-content\/uploads\/2026\/04\/WhatsApp-Image-2026-04-27-at-2.26.04-PM-1-1024x680.jpeg 1024w, https:\/\/www.acoset.org\/wp-content\/uploads\/2026\/04\/WhatsApp-Image-2026-04-27-at-2.26.04-PM-1-300x199.jpeg 300w, https:\/\/www.acoset.org\/wp-content\/uploads\/2026\/04\/WhatsApp-Image-2026-04-27-at-2.26.04-PM-1-768x510.jpeg 768w, https:\/\/www.acoset.org\/wp-content\/uploads\/2026\/04\/WhatsApp-Image-2026-04-27-at-2.26.04-PM-1-1536x1020.jpeg 1536w, https:\/\/www.acoset.org\/wp-content\/uploads\/2026\/04\/WhatsApp-Image-2026-04-27-at-2.26.04-PM-1.jpeg 1600w\" sizes=\"(max-width: 1024px) 100vw, 1024px\" \/><\/figure>\n<figure class=\"wp-block-image size-large\"><img decoding=\"async\" width=\"1024\" height=\"680\" data-id=\"14972\" src=\"https:\/\/www.acoset.org\/wp-content\/uploads\/2026\/04\/WhatsApp-Image-2026-04-27-at-2.11.07-PM-2-1024x680.jpeg\" alt=\"\" class=\"wp-image-14972\" srcset=\"https:\/\/www.acoset.org\/wp-content\/uploads\/2026\/04\/WhatsApp-Image-2026-04-27-at-2.11.07-PM-2-1024x680.jpeg 1024w, https:\/\/www.acoset.org\/wp-content\/uploads\/2026\/04\/WhatsApp-Image-2026-04-27-at-2.11.07-PM-2-300x199.jpeg 300w, https:\/\/www.acoset.org\/wp-content\/uploads\/2026\/04\/WhatsApp-Image-2026-04-27-at-2.11.07-PM-2-768x510.jpeg 768w, https:\/\/www.acoset.org\/wp-content\/uploads\/2026\/04\/WhatsApp-Image-2026-04-27-at-2.11.07-PM-2-1536x1020.jpeg 1536w, https:\/\/www.acoset.org\/wp-content\/uploads\/2026\/04\/WhatsApp-Image-2026-04-27-at-2.11.07-PM-2.jpeg 1600w\" sizes=\"(max-width: 1024px) 100vw, 1024px\" \/><\/figure>\n<\/figure>\n<p>El evento cont\u00f3 con expertos y l\u00edderes. Se destac\u00f3 el papel del Congreso para desarrollo empresarial, la evoluci\u00f3n del mercado laboral y las tensiones entre regulaci\u00f3n y competitividad marcaron la apertura de una agenda que puso sobre la mesa los desaf\u00edos m\u00e1s urgentes del pa\u00eds.<\/p>\n<p>El presidente ejecutivo de Acoset, Miguel P\u00e9rez Garc\u00eda, fue enf\u00e1tico al advertir el rol estrat\u00e9gico del sector en la econom\u00eda nacional:<\/p>\n<figure class=\"wp-block-image size-full\"><img decoding=\"async\" width=\"917\" height=\"414\" src=\"https:\/\/www.acoset.org\/wp-content\/uploads\/2026\/04\/image-3.png\" alt=\"\" class=\"wp-image-14973\" srcset=\"https:\/\/www.acoset.org\/wp-content\/uploads\/2026\/04\/image-3.png 917w, https:\/\/www.acoset.org\/wp-content\/uploads\/2026\/04\/image-3-300x135.png 300w, https:\/\/www.acoset.org\/wp-content\/uploads\/2026\/04\/image-3-768x347.png 768w\" sizes=\"(max-width: 917px) 100vw, 917px\" \/><\/figure>\n<p><strong><em>\u201cSomos un actor clave en la generaci\u00f3n de empleo formal con garant\u00edas. Nuestro compromiso es seguir impulsando un modelo laboral formal, moderno, competitivo y sostenible\u201d.<\/em><\/strong><\/p>\n<p>En la misma l\u00ednea, el presidente de la Junta Directiva, Edgar Ayala, destac\u00f3 que el Foro se ha convertido en un term\u00f3metro del entorno empresarial:<\/p>\n<figure class=\"wp-block-image size-full\"><img loading=\"lazy\" decoding=\"async\" loading=\"lazy\" width=\"925\" height=\"405\" src=\"https:\/\/www.acoset.org\/wp-content\/uploads\/2026\/04\/image-4.png\" alt=\"\" class=\"wp-image-14974\" srcset=\"https:\/\/www.acoset.org\/wp-content\/uploads\/2026\/04\/image-4.png 925w, https:\/\/www.acoset.org\/wp-content\/uploads\/2026\/04\/image-4-300x131.png 300w, https:\/\/www.acoset.org\/wp-content\/uploads\/2026\/04\/image-4-768x336.png 768w\" sizes=\"auto, (max-width: 925px) 100vw, 925px\" \/><\/figure>\n<p><strong><em>\u201cAqu\u00ed entendemos con claridad los cambios que enfrenta el pa\u00eds y c\u00f3mo debemos responder desde el sector productivo\u201d.<\/em><\/strong><\/p>\n<p>Uno de los momentos m\u00e1s relevantes fue el an\u00e1lisis econ\u00f3mico expuesto por Miguel G\u00f3mez, asesor econ\u00f3mico empresarial actualmente miembro del equipo del candidato Abelardo de la Espriella, quien habl\u00f3 sobre el futuro del empleo formal en Colombia, que dej\u00f3 una conclusi\u00f3n clara: la competitividad del pa\u00eds depender\u00e1 de su capacidad de adaptaci\u00f3n frente a los cambios globales.<\/p>\n<figure class=\"wp-block-gallery has-nested-images columns-default is-cropped wp-block-gallery-2 is-layout-flex wp-block-gallery-is-layout-flex\">\n<figure class=\"wp-block-image size-large\"><img loading=\"lazy\" decoding=\"async\" loading=\"lazy\" width=\"1024\" height=\"680\" data-id=\"14976\" src=\"https:\/\/www.acoset.org\/wp-content\/uploads\/2026\/04\/WhatsApp-Image-2026-04-27-at-2.10.32-PM-1-1024x680.jpeg\" alt=\"\" class=\"wp-image-14976\" srcset=\"https:\/\/www.acoset.org\/wp-content\/uploads\/2026\/04\/WhatsApp-Image-2026-04-27-at-2.10.32-PM-1-1024x680.jpeg 1024w, https:\/\/www.acoset.org\/wp-content\/uploads\/2026\/04\/WhatsApp-Image-2026-04-27-at-2.10.32-PM-1-300x199.jpeg 300w, https:\/\/www.acoset.org\/wp-content\/uploads\/2026\/04\/WhatsApp-Image-2026-04-27-at-2.10.32-PM-1-768x510.jpeg 768w, https:\/\/www.acoset.org\/wp-content\/uploads\/2026\/04\/WhatsApp-Image-2026-04-27-at-2.10.32-PM-1-1536x1020.jpeg 1536w, https:\/\/www.acoset.org\/wp-content\/uploads\/2026\/04\/WhatsApp-Image-2026-04-27-at-2.10.32-PM-1.jpeg 1600w\" sizes=\"auto, (max-width: 1024px) 100vw, 1024px\" \/><\/figure>\n<figure class=\"wp-block-image size-large\"><img loading=\"lazy\" decoding=\"async\" loading=\"lazy\" width=\"1024\" height=\"680\" data-id=\"14975\" src=\"https:\/\/www.acoset.org\/wp-content\/uploads\/2026\/04\/WhatsApp-Image-2026-04-27-at-2.10.32-PM-2-1024x680.jpeg\" alt=\"\" class=\"wp-image-14975\" srcset=\"https:\/\/www.acoset.org\/wp-content\/uploads\/2026\/04\/WhatsApp-Image-2026-04-27-at-2.10.32-PM-2-1024x680.jpeg 1024w, https:\/\/www.acoset.org\/wp-content\/uploads\/2026\/04\/WhatsApp-Image-2026-04-27-at-2.10.32-PM-2-300x199.jpeg 300w, https:\/\/www.acoset.org\/wp-content\/uploads\/2026\/04\/WhatsApp-Image-2026-04-27-at-2.10.32-PM-2-768x510.jpeg 768w, https:\/\/www.acoset.org\/wp-content\/uploads\/2026\/04\/WhatsApp-Image-2026-04-27-at-2.10.32-PM-2-1536x1020.jpeg 1536w, https:\/\/www.acoset.org\/wp-content\/uploads\/2026\/04\/WhatsApp-Image-2026-04-27-at-2.10.32-PM-2.jpeg 1600w\" sizes=\"auto, (max-width: 1024px) 100vw, 1024px\" \/><\/figure>\n<\/figure>\n<p>El liderazgo femenino tambi\u00e9n tuvo un espacio protag\u00f3nico, posicion\u00e1ndose como un motor real de transformaci\u00f3n empresarial, en una conversaci\u00f3n \u00a0liderada por Carolina Solano Fundadora de Waias, empresa que se ha destacado por solucionar problem\u00e1ticas legales en bienestar y productividad para miles de trabajadoras y las compa\u00f1\u00edas que las emplean, un tema que despert\u00f3 alto inter\u00e9s entre los asistentes, recalcando el papel del sector del servicio temporal al ser l\u00edder en la inclusi\u00f3n formal de la mujer con m\u00e1s del 50% en contrataciones con todas las garant\u00edas y en todos los perfiles profesionales.<\/p>\n<p>A esto se sum\u00f3 un panel empresarial \u2014moderado por la directora de Comunicaciones y Asuntos P\u00fablicos de Acoset, Natalia Urrego Reyes\u2014 que aterriz\u00f3 los retos del sector desde la experiencia real de las compa\u00f1\u00edas, abordando temas como sostenibilidad, empleo y evoluci\u00f3n del modelo de servicios temporales. Empresas como Jiro, Empleos Archipi\u00e9lago, Ayuda Temporal del Caribe, GSH y Jobant &amp; Talent, que como las dem\u00e1s afiliadas al gremio han aportado al pa\u00eds empleo formal con enfoque social, adem\u00e1s de contribuir a la sostenibilidad, competitividad y alta demanda estacional en los diferentes sectores econ\u00f3micos.<\/p>\n<figure class=\"wp-block-image size-full\"><img loading=\"lazy\" decoding=\"async\" loading=\"lazy\" width=\"908\" height=\"538\" src=\"https:\/\/www.acoset.org\/wp-content\/uploads\/2026\/04\/image-5.png\" alt=\"\" class=\"wp-image-14977\" srcset=\"https:\/\/www.acoset.org\/wp-content\/uploads\/2026\/04\/image-5.png 908w, https:\/\/www.acoset.org\/wp-content\/uploads\/2026\/04\/image-5-300x178.png 300w, https:\/\/www.acoset.org\/wp-content\/uploads\/2026\/04\/image-5-768x455.png 768w\" sizes=\"auto, (max-width: 908px) 100vw, 908px\" \/><\/figure>\n<p><strong><em>Empleat\u00f3n, una iniciativa que busca conectar miles de colombianos con oportunidades de empleo formal a nivel nacional.<\/em><\/strong><\/p>\n<p>Uno de los anuncios que marc\u00f3 la jornada del Foro Nacional de Acoset fue el lanzamiento de la tercera marat\u00f3n de empleo que realizar\u00e1 el gremio que ser\u00e1 transmitida por El Tiempo, elempleo.com y los medios de la Asociaci\u00f3n. Estas transmisiones esperan conectar nuevamente a sus empresas de servicios temporales afiliadas con colombianos en busca de empleo formal.<\/p>\n<p><strong><em>\u201cEsta es una apuesta directa por la empleabilidad y la reactivaci\u00f3n econ\u00f3mica del pa\u00eds\u201d<\/em><\/strong>, se destac\u00f3 durante el evento.<\/p>\n<p>Este espacio cuenta con el apoyo de elempleo.com plataforma que se ha sumado a uno de los sectores empleadores m\u00e1s representativos para el mercado laboral formal estacional. Ser\u00e1n aproximadamente 15 mil plazas de empleo que se transmitir\u00e1n. Anunci\u00f3 Natalia Urrego, quien ha liderado este espacio desde su primera versi\u00f3n.<\/p>\n<figure class=\"wp-block-image size-full\"><img loading=\"lazy\" decoding=\"async\" loading=\"lazy\" width=\"912\" height=\"562\" src=\"https:\/\/www.acoset.org\/wp-content\/uploads\/2026\/04\/image-6.png\" alt=\"\" class=\"wp-image-14978\" srcset=\"https:\/\/www.acoset.org\/wp-content\/uploads\/2026\/04\/image-6.png 912w, https:\/\/www.acoset.org\/wp-content\/uploads\/2026\/04\/image-6-300x185.png 300w, https:\/\/www.acoset.org\/wp-content\/uploads\/2026\/04\/image-6-768x473.png 768w\" sizes=\"auto, (max-width: 912px) 100vw, 912px\" \/><\/figure>\n<p>En la franja de la tarde, la discusi\u00f3n gir\u00f3 hacia uno de los temas m\u00e1s sensibles para el empresariado: la actualizaci\u00f3n normativa laboral con la intervenci\u00f3n de la experta laboralista Saida Quintero y su impacto en la operaci\u00f3n de las empresas, seguida de una reflexi\u00f3n sobre c\u00f3mo la tecnolog\u00eda y la inteligencia artificial est\u00e1n redefiniendo la rentabilidad y la sostenibilidad del sector, que fue un tema abordado por el experto financiero Jaime G\u00e1lvez.<\/p>\n<p>En medio de reformas laborales, desaceleraci\u00f3n econ\u00f3mica y avances tecnol\u00f3gicos, l\u00edderes empresariales y expertos analizaron los desaf\u00edos que enfrenta el mercado laboral y plantearon soluciones para fortalecer la generaci\u00f3n de empleo formal en el pa\u00eds.<\/p>\n<p>Para finalizar el espacio acad\u00e9mico se convoc\u00f3 a la participaci\u00f3n del Congreso Nacional de la Asociaci\u00f3n que se realizar\u00e1 en el Hotel Marriott de Barranquilla los d\u00edas 10 y 11 de septiembre.<\/p>","protected":false},"excerpt":{"rendered":"<p>En el marco del Foro se anunci\u00f3 la tercera Empleat\u00f3n que realizar\u00e1 el gremio, en la que conectar\u00e1n colombianos desempleados con m\u00e1s de 15 mil plazas de empleo formal. En un momento decisivo para el pa\u00eds, marcado por cambios regulatorios, incertidumbre econ\u00f3mica y la irrupci\u00f3n de nuevas tecnolog\u00edas, l\u00edderes empresariales, expertos y tomadores de decisi\u00f3n [&hellip;]<\/p>\n","protected":false},"author":1,"featured_media":541,"comment_status":"open","ping_status":"open","sticky":false,"template":"","format":"standard","meta":{"footnotes":""},"categories":[1],"tags":[],"class_list":["post-540","post","type-post","status-publish","format-standard","has-post-thumbnail","hentry","category-blog"],"yoast_head":"<!-- This site is optimized with the Yoast SEO plugin v26.3 - https:\/\/yoast.com\/wordpress\/plugins\/seo\/ -->\n<title>ACOSET PUSO SOBRE LA MESA LOS RETOS QUE DEFINIR\u00c1N EL FUTURO DE LAS EMPRESAS Y EL EMPLEO FORMAL EN COLOMBIA - Medical Blog - Phlox Elementor WordPress Theme<\/title>\n<meta name=\"robots\" content=\"index, follow, max-snippet:-1, max-image-preview:large, max-video-preview:-1\" \/>\n<link rel=\"canonical\" href=\"https:\/\/noticias.granservicios.com\/index.php\/2026\/04\/27\/acoset-puso-sobre-la-mesa-los-retos-que-definiran-el-futuro-de-las-empresas-y-el-empleo-formal-en-colombia\/\" \/>\n<meta property=\"og:locale\" content=\"es_ES\" \/>\n<meta property=\"og:type\" content=\"article\" \/>\n<meta property=\"og:title\" content=\"ACOSET PUSO SOBRE LA MESA LOS RETOS QUE DEFINIR\u00c1N EL FUTURO DE LAS EMPRESAS Y EL EMPLEO FORMAL EN COLOMBIA - Medical Blog - Phlox Elementor WordPress Theme\" \/>\n<meta property=\"og:description\" content=\"En el marco del Foro se anunci\u00f3 la tercera Empleat\u00f3n que realizar\u00e1 el gremio, en la que conectar\u00e1n colombianos desempleados con m\u00e1s de 15 mil plazas de empleo formal. En un momento decisivo para el pa\u00eds, marcado por cambios regulatorios, incertidumbre econ\u00f3mica y la irrupci\u00f3n de nuevas tecnolog\u00edas, l\u00edderes empresariales, expertos y tomadores de decisi\u00f3n [&hellip;]\" \/>\n<meta property=\"og:url\" content=\"https:\/\/noticias.granservicios.com\/index.php\/2026\/04\/27\/acoset-puso-sobre-la-mesa-los-retos-que-definiran-el-futuro-de-las-empresas-y-el-empleo-formal-en-colombia\/\" \/>\n<meta property=\"og:site_name\" content=\"Medical Blog - Phlox Elementor WordPress Theme\" \/>\n<meta property=\"article:publisher\" content=\"https:\/\/www.facebook.com\/AgenciadeEmpleoColombia\" \/>\n<meta property=\"article:published_time\" content=\"2026-04-27T20:41:23+00:00\" \/>\n<meta name=\"author\" content=\"dircomercialgranservicios\" \/>\n<meta name=\"twitter:card\" content=\"summary_large_image\" \/>\n<meta name=\"twitter:label1\" content=\"Escrito por\" \/>\n\t<meta name=\"twitter:data1\" content=\"dircomercialgranservicios\" \/>\n\t<meta name=\"twitter:label2\" content=\"Tiempo de lectura\" \/>\n\t<meta name=\"twitter:data2\" content=\"4 minutos\" \/>\n<script type=\"application\/ld+json\" class=\"yoast-schema-graph\">{\"@context\":\"https:\/\/schema.org\",\"@graph\":[{\"@type\":\"Article\",\"@id\":\"https:\/\/noticias.granservicios.com\/index.php\/2026\/04\/27\/acoset-puso-sobre-la-mesa-los-retos-que-definiran-el-futuro-de-las-empresas-y-el-empleo-formal-en-colombia\/#article\",\"isPartOf\":{\"@id\":\"https:\/\/noticias.granservicios.com\/index.php\/2026\/04\/27\/acoset-puso-sobre-la-mesa-los-retos-que-definiran-el-futuro-de-las-empresas-y-el-empleo-formal-en-colombia\/\"},\"author\":{\"name\":\"dircomercialgranservicios\",\"@id\":\"https:\/\/noticias.granservicios.com\/#\/schema\/person\/0a19a1a510db905e4b8b1918e0c1c381\"},\"headline\":\"ACOSET PUSO SOBRE LA MESA LOS RETOS QUE DEFINIR\u00c1N EL FUTURO DE LAS EMPRESAS Y EL EMPLEO FORMAL EN COLOMBIA\",\"datePublished\":\"2026-04-27T20:41:23+00:00\",\"mainEntityOfPage\":{\"@id\":\"https:\/\/noticias.granservicios.com\/index.php\/2026\/04\/27\/acoset-puso-sobre-la-mesa-los-retos-que-definiran-el-futuro-de-las-empresas-y-el-empleo-formal-en-colombia\/\"},\"wordCount\":893,\"commentCount\":0,\"publisher\":{\"@id\":\"https:\/\/noticias.granservicios.com\/#organization\"},\"image\":{\"@id\":\"https:\/\/noticias.granservicios.com\/index.php\/2026\/04\/27\/acoset-puso-sobre-la-mesa-los-retos-que-definiran-el-futuro-de-las-empresas-y-el-empleo-formal-en-colombia\/#primaryimage\"},\"thumbnailUrl\":\"https:\/\/noticias.granservicios.com\/wp-content\/uploads\/2026\/04\/WhatsApp-Image-2026-04-27-at-2.26.04-PM-1-1024x680-9M6Mmm.jpg\",\"articleSection\":[\"Blog\"],\"inLanguage\":\"es\",\"potentialAction\":[{\"@type\":\"CommentAction\",\"name\":\"Comment\",\"target\":[\"https:\/\/noticias.granservicios.com\/index.php\/2026\/04\/27\/acoset-puso-sobre-la-mesa-los-retos-que-definiran-el-futuro-de-las-empresas-y-el-empleo-formal-en-colombia\/#respond\"]}]},{\"@type\":\"WebPage\",\"@id\":\"https:\/\/noticias.granservicios.com\/index.php\/2026\/04\/27\/acoset-puso-sobre-la-mesa-los-retos-que-definiran-el-futuro-de-las-empresas-y-el-empleo-formal-en-colombia\/\",\"url\":\"https:\/\/noticias.granservicios.com\/index.php\/2026\/04\/27\/acoset-puso-sobre-la-mesa-los-retos-que-definiran-el-futuro-de-las-empresas-y-el-empleo-formal-en-colombia\/\",\"name\":\"ACOSET PUSO SOBRE LA MESA LOS RETOS QUE DEFINIR\u00c1N EL FUTURO DE LAS EMPRESAS Y EL EMPLEO FORMAL EN COLOMBIA - Medical Blog - Phlox Elementor WordPress Theme\",\"isPartOf\":{\"@id\":\"https:\/\/noticias.granservicios.com\/#website\"},\"primaryImageOfPage\":{\"@id\":\"https:\/\/noticias.granservicios.com\/index.php\/2026\/04\/27\/acoset-puso-sobre-la-mesa-los-retos-que-definiran-el-futuro-de-las-empresas-y-el-empleo-formal-en-colombia\/#primaryimage\"},\"image\":{\"@id\":\"https:\/\/noticias.granservicios.com\/index.php\/2026\/04\/27\/acoset-puso-sobre-la-mesa-los-retos-que-definiran-el-futuro-de-las-empresas-y-el-empleo-formal-en-colombia\/#primaryimage\"},\"thumbnailUrl\":\"https:\/\/noticias.granservicios.com\/wp-content\/uploads\/2026\/04\/WhatsApp-Image-2026-04-27-at-2.26.04-PM-1-1024x680-9M6Mmm.jpg\",\"datePublished\":\"2026-04-27T20:41:23+00:00\",\"breadcrumb\":{\"@id\":\"https:\/\/noticias.granservicios.com\/index.php\/2026\/04\/27\/acoset-puso-sobre-la-mesa-los-retos-que-definiran-el-futuro-de-las-empresas-y-el-empleo-formal-en-colombia\/#breadcrumb\"},\"inLanguage\":\"es\",\"potentialAction\":[{\"@type\":\"ReadAction\",\"target\":[\"https:\/\/noticias.granservicios.com\/index.php\/2026\/04\/27\/acoset-puso-sobre-la-mesa-los-retos-que-definiran-el-futuro-de-las-empresas-y-el-empleo-formal-en-colombia\/\"]}]},{\"@type\":\"ImageObject\",\"inLanguage\":\"es\",\"@id\":\"https:\/\/noticias.granservicios.com\/index.php\/2026\/04\/27\/acoset-puso-sobre-la-mesa-los-retos-que-definiran-el-futuro-de-las-empresas-y-el-empleo-formal-en-colombia\/#primaryimage\",\"url\":\"https:\/\/noticias.granservicios.com\/wp-content\/uploads\/2026\/04\/WhatsApp-Image-2026-04-27-at-2.26.04-PM-1-1024x680-9M6Mmm.jpg\",\"contentUrl\":\"https:\/\/noticias.granservicios.com\/wp-content\/uploads\/2026\/04\/WhatsApp-Image-2026-04-27-at-2.26.04-PM-1-1024x680-9M6Mmm.jpg\",\"width\":1024,\"height\":680},{\"@type\":\"BreadcrumbList\",\"@id\":\"https:\/\/noticias.granservicios.com\/index.php\/2026\/04\/27\/acoset-puso-sobre-la-mesa-los-retos-que-definiran-el-futuro-de-las-empresas-y-el-empleo-formal-en-colombia\/#breadcrumb\",\"itemListElement\":[{\"@type\":\"ListItem\",\"position\":1,\"name\":\"Portada\",\"item\":\"https:\/\/noticias.granservicios.com\/\"},{\"@type\":\"ListItem\",\"position\":2,\"name\":\"ACOSET PUSO SOBRE LA MESA LOS RETOS QUE DEFINIR\u00c1N EL FUTURO DE LAS EMPRESAS Y EL EMPLEO FORMAL EN COLOMBIA\"}]},{\"@type\":\"WebSite\",\"@id\":\"https:\/\/noticias.granservicios.com\/#website\",\"url\":\"https:\/\/noticias.granservicios.com\/\",\"name\":\"Noticias Granservicios Agencia de Empleo Bogota Colombia\",\"description\":\"Complete Elementor Demo - Phlox WordPress Theme\",\"publisher\":{\"@id\":\"https:\/\/noticias.granservicios.com\/#organization\"},\"potentialAction\":[{\"@type\":\"SearchAction\",\"target\":{\"@type\":\"EntryPoint\",\"urlTemplate\":\"https:\/\/noticias.granservicios.com\/?s={search_term_string}\"},\"query-input\":{\"@type\":\"PropertyValueSpecification\",\"valueRequired\":true,\"valueName\":\"search_term_string\"}}],\"inLanguage\":\"es\"},{\"@type\":\"Organization\",\"@id\":\"https:\/\/noticias.granservicios.com\/#organization\",\"name\":\"Noticias Granservicios Agencia de Empleo Bogota Colombia\",\"url\":\"https:\/\/noticias.granservicios.com\/\",\"logo\":{\"@type\":\"ImageObject\",\"inLanguage\":\"es\",\"@id\":\"https:\/\/noticias.granservicios.com\/#\/schema\/logo\/image\/\",\"url\":\"https:\/\/noticias.granservicios.com\/wp-content\/uploads\/2020\/09\/Recurso-13.png\",\"contentUrl\":\"https:\/\/noticias.granservicios.com\/wp-content\/uploads\/2020\/09\/Recurso-13.png\",\"width\":1763,\"height\":659,\"caption\":\"Noticias Granservicios Agencia de Empleo Bogota Colombia\"},\"image\":{\"@id\":\"https:\/\/noticias.granservicios.com\/#\/schema\/logo\/image\/\"},\"sameAs\":[\"https:\/\/www.facebook.com\/AgenciadeEmpleoColombia\",\"https:\/\/www.instagram.com\/granservicios\/\"]},{\"@type\":\"Person\",\"@id\":\"https:\/\/noticias.granservicios.com\/#\/schema\/person\/0a19a1a510db905e4b8b1918e0c1c381\",\"name\":\"dircomercialgranservicios\",\"image\":{\"@type\":\"ImageObject\",\"inLanguage\":\"es\",\"@id\":\"https:\/\/noticias.granservicios.com\/#\/schema\/person\/image\/\",\"url\":\"https:\/\/secure.gravatar.com\/avatar\/c2aa4ce95005db5d846be1114787b728211aded54ef4dbd140f35a3c10160696?s=96&d=mm&r=g\",\"contentUrl\":\"https:\/\/secure.gravatar.com\/avatar\/c2aa4ce95005db5d846be1114787b728211aded54ef4dbd140f35a3c10160696?s=96&d=mm&r=g\",\"caption\":\"dircomercialgranservicios\"},\"sameAs\":[\"http:\/\/noticias.granservicios.com\"],\"url\":\"https:\/\/noticias.granservicios.com\/index.php\/author\/dircomercialgranservicios\/\"}]}<\/script>\n<!-- \/ Yoast SEO plugin. -->","yoast_head_json":{"title":"ACOSET PUSO SOBRE LA MESA LOS RETOS QUE DEFINIR\u00c1N EL FUTURO DE LAS EMPRESAS Y EL EMPLEO FORMAL EN COLOMBIA - Medical Blog - Phlox Elementor WordPress Theme","robots":{"index":"index","follow":"follow","max-snippet":"max-snippet:-1","max-image-preview":"max-image-preview:large","max-video-preview":"max-video-preview:-1"},"canonical":"https:\/\/noticias.granservicios.com\/index.php\/2026\/04\/27\/acoset-puso-sobre-la-mesa-los-retos-que-definiran-el-futuro-de-las-empresas-y-el-empleo-formal-en-colombia\/","og_locale":"es_ES","og_type":"article","og_title":"ACOSET PUSO SOBRE LA MESA LOS RETOS QUE DEFINIR\u00c1N EL FUTURO DE LAS EMPRESAS Y EL EMPLEO FORMAL EN COLOMBIA - Medical Blog - Phlox Elementor WordPress Theme","og_description":"En el marco del Foro se anunci\u00f3 la tercera Empleat\u00f3n que realizar\u00e1 el gremio, en la que conectar\u00e1n colombianos desempleados con m\u00e1s de 15 mil plazas de empleo formal. En un momento decisivo para el pa\u00eds, marcado por cambios regulatorios, incertidumbre econ\u00f3mica y la irrupci\u00f3n de nuevas tecnolog\u00edas, l\u00edderes empresariales, expertos y tomadores de decisi\u00f3n [&hellip;]","og_url":"https:\/\/noticias.granservicios.com\/index.php\/2026\/04\/27\/acoset-puso-sobre-la-mesa-los-retos-que-definiran-el-futuro-de-las-empresas-y-el-empleo-formal-en-colombia\/","og_site_name":"Medical Blog - Phlox Elementor WordPress Theme","article_publisher":"https:\/\/www.facebook.com\/AgenciadeEmpleoColombia","article_published_time":"2026-04-27T20:41:23+00:00","author":"dircomercialgranservicios","twitter_card":"summary_large_image","twitter_misc":{"Escrito por":"dircomercialgranservicios","Tiempo de lectura":"4 minutos"},"schema":{"@context":"https:\/\/schema.org","@graph":[{"@type":"Article","@id":"https:\/\/noticias.granservicios.com\/index.php\/2026\/04\/27\/acoset-puso-sobre-la-mesa-los-retos-que-definiran-el-futuro-de-las-empresas-y-el-empleo-formal-en-colombia\/#article","isPartOf":{"@id":"https:\/\/noticias.granservicios.com\/index.php\/2026\/04\/27\/acoset-puso-sobre-la-mesa-los-retos-que-definiran-el-futuro-de-las-empresas-y-el-empleo-formal-en-colombia\/"},"author":{"name":"dircomercialgranservicios","@id":"https:\/\/noticias.granservicios.com\/#\/schema\/person\/0a19a1a510db905e4b8b1918e0c1c381"},"headline":"ACOSET PUSO SOBRE LA MESA LOS RETOS QUE DEFINIR\u00c1N EL FUTURO DE LAS EMPRESAS Y EL EMPLEO FORMAL EN COLOMBIA","datePublished":"2026-04-27T20:41:23+00:00","mainEntityOfPage":{"@id":"https:\/\/noticias.granservicios.com\/index.php\/2026\/04\/27\/acoset-puso-sobre-la-mesa-los-retos-que-definiran-el-futuro-de-las-empresas-y-el-empleo-formal-en-colombia\/"},"wordCount":893,"commentCount":0,"publisher":{"@id":"https:\/\/noticias.granservicios.com\/#organization"},"image":{"@id":"https:\/\/noticias.granservicios.com\/index.php\/2026\/04\/27\/acoset-puso-sobre-la-mesa-los-retos-que-definiran-el-futuro-de-las-empresas-y-el-empleo-formal-en-colombia\/#primaryimage"},"thumbnailUrl":"https:\/\/noticias.granservicios.com\/wp-content\/uploads\/2026\/04\/WhatsApp-Image-2026-04-27-at-2.26.04-PM-1-1024x680-9M6Mmm.jpg","articleSection":["Blog"],"inLanguage":"es","potentialAction":[{"@type":"CommentAction","name":"Comment","target":["https:\/\/noticias.granservicios.com\/index.php\/2026\/04\/27\/acoset-puso-sobre-la-mesa-los-retos-que-definiran-el-futuro-de-las-empresas-y-el-empleo-formal-en-colombia\/#respond"]}]},{"@type":"WebPage","@id":"https:\/\/noticias.granservicios.com\/index.php\/2026\/04\/27\/acoset-puso-sobre-la-mesa-los-retos-que-definiran-el-futuro-de-las-empresas-y-el-empleo-formal-en-colombia\/","url":"https:\/\/noticias.granservicios.com\/index.php\/2026\/04\/27\/acoset-puso-sobre-la-mesa-los-retos-que-definiran-el-futuro-de-las-empresas-y-el-empleo-formal-en-colombia\/","name":"ACOSET PUSO SOBRE LA MESA LOS RETOS QUE DEFINIR\u00c1N EL FUTURO DE LAS EMPRESAS Y EL EMPLEO FORMAL EN COLOMBIA - Medical Blog - Phlox Elementor WordPress Theme","isPartOf":{"@id":"https:\/\/noticias.granservicios.com\/#website"},"primaryImageOfPage":{"@id":"https:\/\/noticias.granservicios.com\/index.php\/2026\/04\/27\/acoset-puso-sobre-la-mesa-los-retos-que-definiran-el-futuro-de-las-empresas-y-el-empleo-formal-en-colombia\/#primaryimage"},"image":{"@id":"https:\/\/noticias.granservicios.com\/index.php\/2026\/04\/27\/acoset-puso-sobre-la-mesa-los-retos-que-definiran-el-futuro-de-las-empresas-y-el-empleo-formal-en-colombia\/#primaryimage"},"thumbnailUrl":"https:\/\/noticias.granservicios.com\/wp-content\/uploads\/2026\/04\/WhatsApp-Image-2026-04-27-at-2.26.04-PM-1-1024x680-9M6Mmm.jpg","datePublished":"2026-04-27T20:41:23+00:00","breadcrumb":{"@id":"https:\/\/noticias.granservicios.com\/index.php\/2026\/04\/27\/acoset-puso-sobre-la-mesa-los-retos-que-definiran-el-futuro-de-las-empresas-y-el-empleo-formal-en-colombia\/#breadcrumb"},"inLanguage":"es","potentialAction":[{"@type":"ReadAction","target":["https:\/\/noticias.granservicios.com\/index.php\/2026\/04\/27\/acoset-puso-sobre-la-mesa-los-retos-que-definiran-el-futuro-de-las-empresas-y-el-empleo-formal-en-colombia\/"]}]},{"@type":"ImageObject","inLanguage":"es","@id":"https:\/\/noticias.granservicios.com\/index.php\/2026\/04\/27\/acoset-puso-sobre-la-mesa-los-retos-que-definiran-el-futuro-de-las-empresas-y-el-empleo-formal-en-colombia\/#primaryimage","url":"https:\/\/noticias.granservicios.com\/wp-content\/uploads\/2026\/04\/WhatsApp-Image-2026-04-27-at-2.26.04-PM-1-1024x680-9M6Mmm.jpg","contentUrl":"https:\/\/noticias.granservicios.com\/wp-content\/uploads\/2026\/04\/WhatsApp-Image-2026-04-27-at-2.26.04-PM-1-1024x680-9M6Mmm.jpg","width":1024,"height":680},{"@type":"BreadcrumbList","@id":"https:\/\/noticias.granservicios.com\/index.php\/2026\/04\/27\/acoset-puso-sobre-la-mesa-los-retos-que-definiran-el-futuro-de-las-empresas-y-el-empleo-formal-en-colombia\/#breadcrumb","itemListElement":[{"@type":"ListItem","position":1,"name":"Portada","item":"https:\/\/noticias.granservicios.com\/"},{"@type":"ListItem","position":2,"name":"ACOSET PUSO SOBRE LA MESA LOS RETOS QUE DEFINIR\u00c1N EL FUTURO DE LAS EMPRESAS Y EL EMPLEO FORMAL EN COLOMBIA"}]},{"@type":"WebSite","@id":"https:\/\/noticias.granservicios.com\/#website","url":"https:\/\/noticias.granservicios.com\/","name":"Noticias Granservicios Agencia de Empleo Bogota Colombia","description":"Complete Elementor Demo - Phlox WordPress Theme","publisher":{"@id":"https:\/\/noticias.granservicios.com\/#organization"},"potentialAction":[{"@type":"SearchAction","target":{"@type":"EntryPoint","urlTemplate":"https:\/\/noticias.granservicios.com\/?s={search_term_string}"},"query-input":{"@type":"PropertyValueSpecification","valueRequired":true,"valueName":"search_term_string"}}],"inLanguage":"es"},{"@type":"Organization","@id":"https:\/\/noticias.granservicios.com\/#organization","name":"Noticias Granservicios Agencia de Empleo Bogota Colombia","url":"https:\/\/noticias.granservicios.com\/","logo":{"@type":"ImageObject","inLanguage":"es","@id":"https:\/\/noticias.granservicios.com\/#\/schema\/logo\/image\/","url":"https:\/\/noticias.granservicios.com\/wp-content\/uploads\/2020\/09\/Recurso-13.png","contentUrl":"https:\/\/noticias.granservicios.com\/wp-content\/uploads\/2020\/09\/Recurso-13.png","width":1763,"height":659,"caption":"Noticias Granservicios Agencia de Empleo Bogota Colombia"},"image":{"@id":"https:\/\/noticias.granservicios.com\/#\/schema\/logo\/image\/"},"sameAs":["https:\/\/www.facebook.com\/AgenciadeEmpleoColombia","https:\/\/www.instagram.com\/granservicios\/"]},{"@type":"Person","@id":"https:\/\/noticias.granservicios.com\/#\/schema\/person\/0a19a1a510db905e4b8b1918e0c1c381","name":"dircomercialgranservicios","image":{"@type":"ImageObject","inLanguage":"es","@id":"https:\/\/noticias.granservicios.com\/#\/schema\/person\/image\/","url":"https:\/\/secure.gravatar.com\/avatar\/c2aa4ce95005db5d846be1114787b728211aded54ef4dbd140f35a3c10160696?s=96&d=mm&r=g","contentUrl":"https:\/\/secure.gravatar.com\/avatar\/c2aa4ce95005db5d846be1114787b728211aded54ef4dbd140f35a3c10160696?s=96&d=mm&r=g","caption":"dircomercialgranservicios"},"sameAs":["http:\/\/noticias.granservicios.com"],"url":"https:\/\/noticias.granservicios.com\/index.php\/author\/dircomercialgranservicios\/"}]}},"_links":{"self":[{"href":"https:\/\/noticias.granservicios.com\/index.php\/wp-json\/wp\/v2\/posts\/540","targetHints":{"allow":["GET"]}}],"collection":[{"href":"https:\/\/noticias.granservicios.com\/index.php\/wp-json\/wp\/v2\/posts"}],"about":[{"href":"https:\/\/noticias.granservicios.com\/index.php\/wp-json\/wp\/v2\/types\/post"}],"author":[{"embeddable":true,"href":"https:\/\/noticias.granservicios.com\/index.php\/wp-json\/wp\/v2\/users\/1"}],"replies":[{"embeddable":true,"href":"https:\/\/noticias.granservicios.com\/index.php\/wp-json\/wp\/v2\/comments?post=540"}],"version-history":[{"count":0,"href":"https:\/\/noticias.granservicios.com\/index.php\/wp-json\/wp\/v2\/posts\/540\/revisions"}],"wp:featuredmedia":[{"embeddable":true,"href":"https:\/\/noticias.granservicios.com\/index.php\/wp-json\/wp\/v2\/media\/541"}],"wp:attachment":[{"href":"https:\/\/noticias.granservicios.com\/index.php\/wp-json\/wp\/v2\/media?parent=540"}],"wp:term":[{"taxonomy":"category","embeddable":true,"href":"https:\/\/noticias.granservicios.com\/index.php\/wp-json\/wp\/v2\/categories?post=540"},{"taxonomy":"post_tag","embeddable":true,"href":"https:\/\/noticias.granservicios.com\/index.php\/wp-json\/wp\/v2\/tags?post=540"}],"curies":[{"name":"wp","href":"https:\/\/api.w.org\/{rel}","templated":true}]}}